{"id":4841,"date":"2025-11-26T10:55:43","date_gmt":"2025-11-26T09:55:43","guid":{"rendered":"https:\/\/tinatoni.ch\/?p=4841"},"modified":"2025-11-26T10:55:45","modified_gmt":"2025-11-26T09:55:45","slug":"tutte-le-persone-sono-diverse-e-io","status":"publish","type":"post","link":"https:\/\/tinatoni.ch\/it\/tutte-le-persone-sono-diverse-e-io\/","title":{"rendered":"Tutte le persone sono diverse, e io?"},"content":{"rendered":"\n<p>L\u2019attivit\u00e0 <a href=\"https:\/\/tinatoni.ch\/wp-content\/uploads\/2021\/12\/14-TinaToni-attivita.pdf\" target=\"_blank\" rel=\"noreferrer noopener nofollow\"><em>\u201c<\/em>Tutt\u0259 sono divers\u0259<em>\u201d<\/em> della storia 14, <em>Il muro contro la gelosia<\/em><\/a>, \u00e8 stata completata e rielaborata durante il workshop per promuovere l\u2019uguaglianza di genere e una maggiore apertura verso le diverse identit\u00e0 di genere. <br>L\u2019obiettivo dell\u2019attivit\u00e0 \u00e8 imparare a riconoscere e valorizzare le proprie differenze, favorendo al contempo l\u2019integrazione e l\u2019osservazione dell\u2019altr\u0259. <\/p>\n\n\n\n<p>Le persone partecipanti hanno proposto di riprendere il principio del \u201cbastone della parola\u201d, come previsto nel programma: bambini e bambine se lo passano velocemente nominando un elemento che li rende unici. <\/p>\n\n\n\n<p>Successivamente, si introduce un secondo bastone per stimolare una riflessione pi\u00f9 volta all\u2019interiorit\u00e0, spiegando che questa volta si guarder\u00e0 a ci\u00f2 che abbiamo dentro, nel nostro io pi\u00f9 profondo. Si pone quindi la domanda: <em>\u201cTi \u00e8 mai capitato di sentirti divers\u0259?\u201d. <\/em><\/p>\n\n\n\n<p>Questo momento di condivisione permette di esprimere i propri sentimenti e, se necessario, anche di sdrammatizzare il concetto di differenza.\u00a0<\/p>\n","protected":false},"excerpt":{"rendered":"<p>L\u2019attivit\u00e0 \u201cTutt\u0259 sono divers\u0259\u201d della storia 14, Il muro contro la gelosia, \u00e8 stata completata e rielaborata durante il workshop per promuovere l\u2019uguaglianza di genere e una maggiore apertura verso le diverse identit\u00e0 di genere. L\u2019obiettivo dell\u2019attivit\u00e0 \u00e8 imparare a riconoscere e valorizzare le proprie differenze, favorendo al contempo l\u2019integrazione e l\u2019osservazione dell\u2019altr\u0259. Le persone [&hellip;]<\/p>\n","protected":false},"author":1,"featured_media":4822,"comment_status":"closed","ping_status":"open","sticky":false,"template":"","format":"standard","meta":{"_acf_changed":false,"_et_pb_use_builder":"off","_et_pb_old_content":"<!-- wp:paragraph -->\n<p>Encore un peu de patience\u00a0! D\u00e9but juillet, vous retrouverez Tina, Toni et leurs ami\u00b7e\u00b7s dans de nouvelles aventures. Nous pouvons d\u00e9j\u00e0 vous d\u00e9voiler les deux th\u00e8mes s\u00e9lectionn\u00e9s\u00a0: La peur et le harc\u00e8lement. Ces th\u00e8mes revenaient r\u00e9guli\u00e8rement parmi vos suggestions. Un grand merci \u00e0 toutes celles et ceux qui nous ont envoy\u00e9s des propositions. Nous esp\u00e9rons que ces nouvelles histoires vous permettront de renforcer des comp\u00e9tences importantes pour les enfants.<br><br><em>Illustration\u00a0: Esquisse de l\u2019histoire 16. Ga\u00eblle Pecoraro<\/em><\/p>\n<!-- \/wp:paragraph -->\n\n<!-- wp:paragraph -->\n<p><\/p>\n<!-- \/wp:paragraph -->\n\n<!-- wp:paragraph -->\n<p><\/p>\n<!-- \/wp:paragraph -->\n\n<!-- wp:paragraph -->\n<p><\/p>\n<!-- \/wp:paragraph -->","_et_gb_content_width":"","inline_featured_image":false,"footnotes":""},"categories":[26],"tags":[],"class_list":["post-4841","post","type-post","status-publish","format-standard","has-post-thumbnail","hentry","category-it"],"acf":[],"yoast_head":"<!-- This site is optimized with the Yoast SEO plugin v27.2 - https:\/\/yoast.com\/product\/yoast-seo-wordpress\/ -->\n<title>Tutte le persone sono diverse, e io? - Tina e Toni<\/title>\n<meta name=\"robots\" content=\"index, follow, max-snippet:-1, max-image-preview:large, max-video-preview:-1\" \/>\n<link rel=\"canonical\" href=\"https:\/\/tinatoni.ch\/it\/tutte-le-persone-sono-diverse-e-io\/\" \/>\n<meta property=\"og:locale\" content=\"it_IT\" \/>\n<meta property=\"og:type\" content=\"article\" \/>\n<meta property=\"og:title\" content=\"Tutte le persone sono diverse, e io? - Tina e Toni\" \/>\n<meta property=\"og:description\" content=\"L\u2019attivit\u00e0 \u201cTutt\u0259 sono divers\u0259\u201d della storia 14, Il muro contro la gelosia, \u00e8 stata completata e rielaborata durante il workshop per promuovere l\u2019uguaglianza di genere e una maggiore apertura verso le diverse identit\u00e0 di genere. L\u2019obiettivo dell\u2019attivit\u00e0 \u00e8 imparare a riconoscere e valorizzare le proprie differenze, favorendo al contempo l\u2019integrazione e l\u2019osservazione dell\u2019altr\u0259. Le persone [&hellip;]\" \/>\n<meta property=\"og:url\" content=\"https:\/\/tinatoni.ch\/it\/tutte-le-persone-sono-diverse-e-io\/\" \/>\n<meta property=\"og:site_name\" content=\"Tina e Toni\" \/>\n<meta property=\"article:publisher\" content=\"https:\/\/www.facebook.com\/AddictionSuisse\" \/>\n<meta property=\"article:published_time\" content=\"2025-11-26T09:55:43+00:00\" \/>\n<meta property=\"article:modified_time\" content=\"2025-11-26T09:55:45+00:00\" \/>\n<meta property=\"og:image\" content=\"https:\/\/tinatoni.ch\/wp-content\/uploads\/2025\/11\/TT_blog_genre.jpg\" \/>\n\t<meta property=\"og:image:width\" content=\"450\" \/>\n\t<meta property=\"og:image:height\" content=\"280\" \/>\n\t<meta property=\"og:image:type\" content=\"image\/jpeg\" \/>\n<meta name=\"author\" content=\"webmaster@addictionsuisse.ch\" \/>\n<meta name=\"twitter:card\" content=\"summary_large_image\" \/>\n<meta name=\"twitter:creator\" content=\"@AddictionSuisse\" \/>\n<meta name=\"twitter:site\" content=\"@AddictionSuisse\" \/>\n<meta name=\"twitter:label1\" content=\"Scritto da\" \/>\n\t<meta name=\"twitter:data1\" content=\"webmaster@addictionsuisse.ch\" \/>\n\t<meta name=\"twitter:label2\" content=\"Tempo di lettura stimato\" \/>\n\t<meta name=\"twitter:data2\" content=\"1 minuto\" \/>\n<script type=\"application\/ld+json\" class=\"yoast-schema-graph\">{\"@context\":\"https:\/\/schema.org\",\"@graph\":[{\"@type\":\"Article\",\"@id\":\"https:\/\/tinatoni.ch\/it\/tutte-le-persone-sono-diverse-e-io\/#article\",\"isPartOf\":{\"@id\":\"https:\/\/tinatoni.ch\/it\/tutte-le-persone-sono-diverse-e-io\/\"},\"author\":{\"name\":\"webmaster@addictionsuisse.ch\",\"@id\":\"https:\/\/tinatoni.ch\/#\/schema\/person\/ee4976a2138499c7870a0c10d21580ec\"},\"headline\":\"Tutte le persone sono diverse, e io?\",\"datePublished\":\"2025-11-26T09:55:43+00:00\",\"dateModified\":\"2025-11-26T09:55:45+00:00\",\"mainEntityOfPage\":{\"@id\":\"https:\/\/tinatoni.ch\/it\/tutte-le-persone-sono-diverse-e-io\/\"},\"wordCount\":156,\"publisher\":{\"@id\":\"https:\/\/tinatoni.ch\/#organization\"},\"image\":{\"@id\":\"https:\/\/tinatoni.ch\/it\/tutte-le-persone-sono-diverse-e-io\/#primaryimage\"},\"thumbnailUrl\":\"https:\/\/tinatoni.ch\/wp-content\/uploads\/2025\/11\/TT_blog_genre.jpg\",\"articleSection\":[\"IT\"],\"inLanguage\":\"it-IT\"},{\"@type\":\"WebPage\",\"@id\":\"https:\/\/tinatoni.ch\/it\/tutte-le-persone-sono-diverse-e-io\/\",\"url\":\"https:\/\/tinatoni.ch\/it\/tutte-le-persone-sono-diverse-e-io\/\",\"name\":\"Tutte le persone sono diverse, e io? - Tina e Toni\",\"isPartOf\":{\"@id\":\"https:\/\/tinatoni.ch\/#website\"},\"primaryImageOfPage\":{\"@id\":\"https:\/\/tinatoni.ch\/it\/tutte-le-persone-sono-diverse-e-io\/#primaryimage\"},\"image\":{\"@id\":\"https:\/\/tinatoni.ch\/it\/tutte-le-persone-sono-diverse-e-io\/#primaryimage\"},\"thumbnailUrl\":\"https:\/\/tinatoni.ch\/wp-content\/uploads\/2025\/11\/TT_blog_genre.jpg\",\"datePublished\":\"2025-11-26T09:55:43+00:00\",\"dateModified\":\"2025-11-26T09:55:45+00:00\",\"inLanguage\":\"it-IT\",\"potentialAction\":[{\"@type\":\"ReadAction\",\"target\":[\"https:\/\/tinatoni.ch\/it\/tutte-le-persone-sono-diverse-e-io\/\"]}]},{\"@type\":\"ImageObject\",\"inLanguage\":\"it-IT\",\"@id\":\"https:\/\/tinatoni.ch\/it\/tutte-le-persone-sono-diverse-e-io\/#primaryimage\",\"url\":\"https:\/\/tinatoni.ch\/wp-content\/uploads\/2025\/11\/TT_blog_genre.jpg\",\"contentUrl\":\"https:\/\/tinatoni.ch\/wp-content\/uploads\/2025\/11\/TT_blog_genre.jpg\",\"width\":450,\"height\":280},{\"@type\":\"WebSite\",\"@id\":\"https:\/\/tinatoni.ch\/#website\",\"url\":\"https:\/\/tinatoni.ch\/\",\"name\":\"Tina et Toni\",\"description\":\"Un programma di prevenzione globale per bambini dai 4 ai 6 anni\",\"publisher\":{\"@id\":\"https:\/\/tinatoni.ch\/#organization\"},\"potentialAction\":[{\"@type\":\"SearchAction\",\"target\":{\"@type\":\"EntryPoint\",\"urlTemplate\":\"https:\/\/tinatoni.ch\/?s={search_term_string}\"},\"query-input\":{\"@type\":\"PropertyValueSpecification\",\"valueRequired\":true,\"valueName\":\"search_term_string\"}}],\"inLanguage\":\"it-IT\"},{\"@type\":\"Organization\",\"@id\":\"https:\/\/tinatoni.ch\/#organization\",\"name\":\"Tina et Toni\",\"url\":\"https:\/\/tinatoni.ch\/\",\"logo\":{\"@type\":\"ImageObject\",\"inLanguage\":\"it-IT\",\"@id\":\"https:\/\/tinatoni.ch\/#\/schema\/logo\/image\/\",\"url\":\"https:\/\/tinatoni.ch\/wp-content\/uploads\/2021\/10\/TT_entete.svg\",\"contentUrl\":\"https:\/\/tinatoni.ch\/wp-content\/uploads\/2021\/10\/TT_entete.svg\",\"width\":\"1024\",\"height\":\"1024\",\"caption\":\"Tina et Toni\"},\"image\":{\"@id\":\"https:\/\/tinatoni.ch\/#\/schema\/logo\/image\/\"},\"sameAs\":[\"https:\/\/www.facebook.com\/AddictionSuisse\",\"https:\/\/x.com\/AddictionSuisse\",\"https:\/\/www.linkedin.com\/company\/addiction-suisse\/\",\"https:\/\/www.instagram.com\/addictionsuisse\/\",\"https:\/\/www.youtube.com\/@Addiction_Suisse\"]},{\"@type\":\"Person\",\"@id\":\"https:\/\/tinatoni.ch\/#\/schema\/person\/ee4976a2138499c7870a0c10d21580ec\",\"name\":\"webmaster@addictionsuisse.ch\",\"image\":{\"@type\":\"ImageObject\",\"inLanguage\":\"it-IT\",\"@id\":\"https:\/\/secure.gravatar.com\/avatar\/59e2fc59d97dd0245770d137c036b0bf378582f3871f4ba68c992683957d05c1?s=96&d=mm&r=g\",\"url\":\"https:\/\/secure.gravatar.com\/avatar\/59e2fc59d97dd0245770d137c036b0bf378582f3871f4ba68c992683957d05c1?s=96&d=mm&r=g\",\"contentUrl\":\"https:\/\/secure.gravatar.com\/avatar\/59e2fc59d97dd0245770d137c036b0bf378582f3871f4ba68c992683957d05c1?s=96&d=mm&r=g\",\"caption\":\"webmaster@addictionsuisse.ch\"},\"sameAs\":[\"https:\/\/tinatoni.ch\"],\"url\":\"https:\/\/tinatoni.ch\/it\/author\/webmasteraddictionsuisse-ch\/\"}]}<\/script>\n<!-- \/ Yoast SEO plugin. -->","yoast_head_json":{"title":"Tutte le persone sono diverse, e io? - Tina e Toni","robots":{"index":"index","follow":"follow","max-snippet":"max-snippet:-1","max-image-preview":"max-image-preview:large","max-video-preview":"max-video-preview:-1"},"canonical":"https:\/\/tinatoni.ch\/it\/tutte-le-persone-sono-diverse-e-io\/","og_locale":"it_IT","og_type":"article","og_title":"Tutte le persone sono diverse, e io? - Tina e Toni","og_description":"L\u2019attivit\u00e0 \u201cTutt\u0259 sono divers\u0259\u201d della storia 14, Il muro contro la gelosia, \u00e8 stata completata e rielaborata durante il workshop per promuovere l\u2019uguaglianza di genere e una maggiore apertura verso le diverse identit\u00e0 di genere. L\u2019obiettivo dell\u2019attivit\u00e0 \u00e8 imparare a riconoscere e valorizzare le proprie differenze, favorendo al contempo l\u2019integrazione e l\u2019osservazione dell\u2019altr\u0259. Le persone [&hellip;]","og_url":"https:\/\/tinatoni.ch\/it\/tutte-le-persone-sono-diverse-e-io\/","og_site_name":"Tina e Toni","article_publisher":"https:\/\/www.facebook.com\/AddictionSuisse","article_published_time":"2025-11-26T09:55:43+00:00","article_modified_time":"2025-11-26T09:55:45+00:00","og_image":[{"width":450,"height":280,"url":"https:\/\/tinatoni.ch\/wp-content\/uploads\/2025\/11\/TT_blog_genre.jpg","type":"image\/jpeg"}],"author":"webmaster@addictionsuisse.ch","twitter_card":"summary_large_image","twitter_creator":"@AddictionSuisse","twitter_site":"@AddictionSuisse","twitter_misc":{"Scritto da":"webmaster@addictionsuisse.ch","Tempo di lettura stimato":"1 minuto"},"schema":{"@context":"https:\/\/schema.org","@graph":[{"@type":"Article","@id":"https:\/\/tinatoni.ch\/it\/tutte-le-persone-sono-diverse-e-io\/#article","isPartOf":{"@id":"https:\/\/tinatoni.ch\/it\/tutte-le-persone-sono-diverse-e-io\/"},"author":{"name":"webmaster@addictionsuisse.ch","@id":"https:\/\/tinatoni.ch\/#\/schema\/person\/ee4976a2138499c7870a0c10d21580ec"},"headline":"Tutte le persone sono diverse, e io?","datePublished":"2025-11-26T09:55:43+00:00","dateModified":"2025-11-26T09:55:45+00:00","mainEntityOfPage":{"@id":"https:\/\/tinatoni.ch\/it\/tutte-le-persone-sono-diverse-e-io\/"},"wordCount":156,"publisher":{"@id":"https:\/\/tinatoni.ch\/#organization"},"image":{"@id":"https:\/\/tinatoni.ch\/it\/tutte-le-persone-sono-diverse-e-io\/#primaryimage"},"thumbnailUrl":"https:\/\/tinatoni.ch\/wp-content\/uploads\/2025\/11\/TT_blog_genre.jpg","articleSection":["IT"],"inLanguage":"it-IT"},{"@type":"WebPage","@id":"https:\/\/tinatoni.ch\/it\/tutte-le-persone-sono-diverse-e-io\/","url":"https:\/\/tinatoni.ch\/it\/tutte-le-persone-sono-diverse-e-io\/","name":"Tutte le persone sono diverse, e io? - Tina e Toni","isPartOf":{"@id":"https:\/\/tinatoni.ch\/#website"},"primaryImageOfPage":{"@id":"https:\/\/tinatoni.ch\/it\/tutte-le-persone-sono-diverse-e-io\/#primaryimage"},"image":{"@id":"https:\/\/tinatoni.ch\/it\/tutte-le-persone-sono-diverse-e-io\/#primaryimage"},"thumbnailUrl":"https:\/\/tinatoni.ch\/wp-content\/uploads\/2025\/11\/TT_blog_genre.jpg","datePublished":"2025-11-26T09:55:43+00:00","dateModified":"2025-11-26T09:55:45+00:00","inLanguage":"it-IT","potentialAction":[{"@type":"ReadAction","target":["https:\/\/tinatoni.ch\/it\/tutte-le-persone-sono-diverse-e-io\/"]}]},{"@type":"ImageObject","inLanguage":"it-IT","@id":"https:\/\/tinatoni.ch\/it\/tutte-le-persone-sono-diverse-e-io\/#primaryimage","url":"https:\/\/tinatoni.ch\/wp-content\/uploads\/2025\/11\/TT_blog_genre.jpg","contentUrl":"https:\/\/tinatoni.ch\/wp-content\/uploads\/2025\/11\/TT_blog_genre.jpg","width":450,"height":280},{"@type":"WebSite","@id":"https:\/\/tinatoni.ch\/#website","url":"https:\/\/tinatoni.ch\/","name":"Tina et Toni","description":"Un programma di prevenzione globale per bambini dai 4 ai 6 anni","publisher":{"@id":"https:\/\/tinatoni.ch\/#organization"},"potentialAction":[{"@type":"SearchAction","target":{"@type":"EntryPoint","urlTemplate":"https:\/\/tinatoni.ch\/?s={search_term_string}"},"query-input":{"@type":"PropertyValueSpecification","valueRequired":true,"valueName":"search_term_string"}}],"inLanguage":"it-IT"},{"@type":"Organization","@id":"https:\/\/tinatoni.ch\/#organization","name":"Tina et Toni","url":"https:\/\/tinatoni.ch\/","logo":{"@type":"ImageObject","inLanguage":"it-IT","@id":"https:\/\/tinatoni.ch\/#\/schema\/logo\/image\/","url":"https:\/\/tinatoni.ch\/wp-content\/uploads\/2021\/10\/TT_entete.svg","contentUrl":"https:\/\/tinatoni.ch\/wp-content\/uploads\/2021\/10\/TT_entete.svg","width":"1024","height":"1024","caption":"Tina et Toni"},"image":{"@id":"https:\/\/tinatoni.ch\/#\/schema\/logo\/image\/"},"sameAs":["https:\/\/www.facebook.com\/AddictionSuisse","https:\/\/x.com\/AddictionSuisse","https:\/\/www.linkedin.com\/company\/addiction-suisse\/","https:\/\/www.instagram.com\/addictionsuisse\/","https:\/\/www.youtube.com\/@Addiction_Suisse"]},{"@type":"Person","@id":"https:\/\/tinatoni.ch\/#\/schema\/person\/ee4976a2138499c7870a0c10d21580ec","name":"webmaster@addictionsuisse.ch","image":{"@type":"ImageObject","inLanguage":"it-IT","@id":"https:\/\/secure.gravatar.com\/avatar\/59e2fc59d97dd0245770d137c036b0bf378582f3871f4ba68c992683957d05c1?s=96&d=mm&r=g","url":"https:\/\/secure.gravatar.com\/avatar\/59e2fc59d97dd0245770d137c036b0bf378582f3871f4ba68c992683957d05c1?s=96&d=mm&r=g","contentUrl":"https:\/\/secure.gravatar.com\/avatar\/59e2fc59d97dd0245770d137c036b0bf378582f3871f4ba68c992683957d05c1?s=96&d=mm&r=g","caption":"webmaster@addictionsuisse.ch"},"sameAs":["https:\/\/tinatoni.ch"],"url":"https:\/\/tinatoni.ch\/it\/author\/webmasteraddictionsuisse-ch\/"}]}},"_links":{"self":[{"href":"https:\/\/tinatoni.ch\/it\/wp-json\/wp\/v2\/posts\/4841","targetHints":{"allow":["GET"]}}],"collection":[{"href":"https:\/\/tinatoni.ch\/it\/wp-json\/wp\/v2\/posts"}],"about":[{"href":"https:\/\/tinatoni.ch\/it\/wp-json\/wp\/v2\/types\/post"}],"author":[{"embeddable":true,"href":"https:\/\/tinatoni.ch\/it\/wp-json\/wp\/v2\/users\/1"}],"replies":[{"embeddable":true,"href":"https:\/\/tinatoni.ch\/it\/wp-json\/wp\/v2\/comments?post=4841"}],"version-history":[{"count":2,"href":"https:\/\/tinatoni.ch\/it\/wp-json\/wp\/v2\/posts\/4841\/revisions"}],"predecessor-version":[{"id":4848,"href":"https:\/\/tinatoni.ch\/it\/wp-json\/wp\/v2\/posts\/4841\/revisions\/4848"}],"wp:featuredmedia":[{"embeddable":true,"href":"https:\/\/tinatoni.ch\/it\/wp-json\/wp\/v2\/media\/4822"}],"wp:attachment":[{"href":"https:\/\/tinatoni.ch\/it\/wp-json\/wp\/v2\/media?parent=4841"}],"wp:term":[{"taxonomy":"category","embeddable":true,"href":"https:\/\/tinatoni.ch\/it\/wp-json\/wp\/v2\/categories?post=4841"},{"taxonomy":"post_tag","embeddable":true,"href":"https:\/\/tinatoni.ch\/it\/wp-json\/wp\/v2\/tags?post=4841"}],"curies":[{"name":"wp","href":"https:\/\/api.w.org\/{rel}","templated":true}]}}