{"id":3794,"date":"2023-12-04T09:00:40","date_gmt":"2023-12-04T08:00:40","guid":{"rendered":"https:\/\/tinatoni.ch\/?p=3794"},"modified":"2023-12-13T11:38:44","modified_gmt":"2023-12-13T10:38:44","slug":"psychosoziale-kompetenzen-veranschaulichen","status":"publish","type":"post","link":"https:\/\/tinatoni.ch\/de\/psychosoziale-kompetenzen-veranschaulichen\/","title":{"rendered":"Psychosoziale Kompetenzen veranschaulichen"},"content":{"rendered":"<p>[et_pb_section fb_built=&#8221;1&#8243; _builder_version=&#8221;4.21.0&#8243; _module_preset=&#8221;default&#8221; custom_margin=&#8221;0px||0px||true|false&#8221; custom_padding=&#8221;0px||0px||true|false&#8221; global_colors_info=&#8221;{}&#8221; theme_builder_area=&#8221;post_content&#8221;][et_pb_row _builder_version=&#8221;4.21.0&#8243; _module_preset=&#8221;default&#8221; global_colors_info=&#8221;{}&#8221; theme_builder_area=&#8221;post_content&#8221;][et_pb_column type=&#8221;4_4&#8243; _builder_version=&#8221;4.21.0&#8243; _module_preset=&#8221;default&#8221; global_colors_info=&#8221;{}&#8221; theme_builder_area=&#8221;post_content&#8221;][et_pb_text _builder_version=&#8221;4.23&#8243; _module_preset=&#8221;default&#8221; hover_enabled=&#8221;0&#8243; global_colors_info=&#8221;{}&#8221; theme_builder_area=&#8221;post_content&#8221; sticky_enabled=&#8221;0&#8243;]<\/p>\n<p>Mit Tina und Toni<sup>\u00a9<\/sup> verf\u00fcgen Fachkr\u00e4fte \u00fcber ein schl\u00fcsselfertiges Instrument, um die psychosozialen Kompetenzen bei Kindern zu st\u00e4rken. Eine Anfrage hat uns dazu veranlasst, die bereits vorhandenen Ressourcen des Programms zu erg\u00e4nzen, um die Einbeziehung von Eltern zu f\u00f6rdern. Wir entwickelten deshalb ein Informationsmedium, welches erm\u00f6glicht, die psychosozialen Kompetenzen auf einfache Weise zu erkl\u00e4ren.<br \/>\nDaf\u00fcr nutzten wir eine allt\u00e4gliche Situation im Leben der Kinder, das gemeinsame Backen eines Kuchens, um die verschiedenen psychosozialen Kompetenzen Punkt f\u00fcr Punkt zu veranschaulichen.<\/p>\n<p>Dieses neue Material wird derzeit in Zusammenarbeit mit einer Koordinatorin f\u00fcr familienexterne Betreuungseinrichtungen getestet.\u00a0 Ab Anfang n\u00e4chsten Jahres wird es auf unserer Website verf\u00fcgbar sein, nach Anpassung und \u00dcbersetzung ins Deutsche und Italienische.<\/p>\n<p>[\/et_pb_text][\/et_pb_column][\/et_pb_row][\/et_pb_section]<\/p>\n","protected":false},"excerpt":{"rendered":"<p>[et_pb_section fb_built=&#8221;1&#8243; _builder_version=&#8221;4.21.0&#8243; _module_preset=&#8221;default&#8221; custom_margin=&#8221;0px||0px||true|false&#8221; custom_padding=&#8221;0px||0px||true|false&#8221; global_colors_info=&#8221;{}&#8221; theme_builder_area=&#8221;post_content&#8221;][et_pb_row _builder_version=&#8221;4.21.0&#8243; _module_preset=&#8221;default&#8221; global_colors_info=&#8221;{}&#8221; theme_builder_area=&#8221;post_content&#8221;][et_pb_column type=&#8221;4_4&#8243; _builder_version=&#8221;4.21.0&#8243; _module_preset=&#8221;default&#8221; global_colors_info=&#8221;{}&#8221; theme_builder_area=&#8221;post_content&#8221;][et_pb_text _builder_version=&#8221;4.23&#8243; _module_preset=&#8221;default&#8221; hover_enabled=&#8221;0&#8243; global_colors_info=&#8221;{}&#8221; theme_builder_area=&#8221;post_content&#8221; sticky_enabled=&#8221;0&#8243;] Mit Tina und Toni\u00a9 verf\u00fcgen Fachkr\u00e4fte \u00fcber ein schl\u00fcsselfertiges Instrument, um die psychosozialen Kompetenzen bei Kindern zu st\u00e4rken. Eine Anfrage hat uns dazu veranlasst, die bereits vorhandenen Ressourcen des Programms zu erg\u00e4nzen, [&hellip;]<\/p>\n","protected":false},"author":1,"featured_media":3755,"comment_status":"closed","ping_status":"open","sticky":false,"template":"","format":"standard","meta":{"_acf_changed":false,"_et_pb_use_builder":"off","_et_pb_old_content":"[et_pb_section fb_built=\"1\" _builder_version=\"4.21.0\" _module_preset=\"default\" custom_margin=\"0px||0px||true|false\" custom_padding=\"0px||0px||true|false\" global_colors_info=\"{}\" theme_builder_area=\"post_content\"][et_pb_row _builder_version=\"4.21.0\" _module_preset=\"default\" global_colors_info=\"{}\" theme_builder_area=\"post_content\"][et_pb_column type=\"4_4\" _builder_version=\"4.21.0\" _module_preset=\"default\" global_colors_info=\"{}\" theme_builder_area=\"post_content\"][et_pb_text _builder_version=\"4.23\" _module_preset=\"default\" hover_enabled=\"0\" global_colors_info=\"{}\" theme_builder_area=\"post_content\" sticky_enabled=\"0\"]\n\nMit Tina und Toni<sup>\u00a9<\/sup> verf\u00fcgen Fachkr\u00e4fte \u00fcber ein schl\u00fcsselfertiges Instrument, um die psychosozialen Kompetenzen bei Kindern zu st\u00e4rken. Eine Anfrage hat uns dazu veranlasst, die bereits vorhandenen Ressourcen des Programms zu erg\u00e4nzen, um die Einbeziehung von Eltern zu f\u00f6rdern. Wir entwickelten deshalb ein Informationsmedium, welches erm\u00f6glicht, die psychosozialen Kompetenzen auf einfache Weise zu erkl\u00e4ren.\nDaf\u00fcr nutzten wir eine allt\u00e4gliche Situation im Leben der Kinder, das gemeinsame Backen eines Kuchens, um die verschiedenen psychosozialen Kompetenzen Punkt f\u00fcr Punkt zu veranschaulichen.\n\nDieses neue Material wird derzeit in Zusammenarbeit mit einer Koordinatorin f\u00fcr familienexterne Betreuungseinrichtungen getestet. Ab Anfang n\u00e4chsten Jahres wird es auf unserer Website verf\u00fcgbar sein, nach Anpassung und \u00dcbersetzung ins Deutsche und Italienische.\n\n[\/et_pb_text][\/et_pb_column][\/et_pb_row][\/et_pb_section]","_et_gb_content_width":"","inline_featured_image":false,"footnotes":""},"categories":[25],"tags":[],"class_list":["post-3794","post","type-post","status-publish","format-standard","has-post-thumbnail","hentry","category-de"],"acf":[],"yoast_head":"<!-- This site is optimized with the Yoast SEO plugin v27.2 - https:\/\/yoast.com\/product\/yoast-seo-wordpress\/ -->\n<title>Psychosoziale Kompetenzen veranschaulichen - Tina und Toni<\/title>\n<meta name=\"robots\" content=\"index, follow, max-snippet:-1, max-image-preview:large, max-video-preview:-1\" \/>\n<link rel=\"canonical\" href=\"https:\/\/tinatoni.ch\/de\/psychosoziale-kompetenzen-veranschaulichen\/\" \/>\n<meta property=\"og:locale\" content=\"de_DE\" \/>\n<meta property=\"og:type\" content=\"article\" \/>\n<meta property=\"og:title\" content=\"Psychosoziale Kompetenzen veranschaulichen - Tina und Toni\" \/>\n<meta property=\"og:description\" content=\"[et_pb_section fb_built=&#8221;1&#8243; _builder_version=&#8221;4.21.0&#8243; _module_preset=&#8221;default&#8221; custom_margin=&#8221;0px||0px||true|false&#8221; custom_padding=&#8221;0px||0px||true|false&#8221; global_colors_info=&#8221;{}&#8221; theme_builder_area=&#8221;post_content&#8221;][et_pb_row _builder_version=&#8221;4.21.0&#8243; _module_preset=&#8221;default&#8221; global_colors_info=&#8221;{}&#8221; theme_builder_area=&#8221;post_content&#8221;][et_pb_column type=&#8221;4_4&#8243; _builder_version=&#8221;4.21.0&#8243; _module_preset=&#8221;default&#8221; global_colors_info=&#8221;{}&#8221; theme_builder_area=&#8221;post_content&#8221;][et_pb_text _builder_version=&#8221;4.23&#8243; _module_preset=&#8221;default&#8221; hover_enabled=&#8221;0&#8243; global_colors_info=&#8221;{}&#8221; theme_builder_area=&#8221;post_content&#8221; sticky_enabled=&#8221;0&#8243;] Mit Tina und Toni\u00a9 verf\u00fcgen Fachkr\u00e4fte \u00fcber ein schl\u00fcsselfertiges Instrument, um die psychosozialen Kompetenzen bei Kindern zu st\u00e4rken. Eine Anfrage hat uns dazu veranlasst, die bereits vorhandenen Ressourcen des Programms zu erg\u00e4nzen, [&hellip;]\" \/>\n<meta property=\"og:url\" content=\"https:\/\/tinatoni.ch\/de\/psychosoziale-kompetenzen-veranschaulichen\/\" \/>\n<meta property=\"og:site_name\" content=\"Tina und Toni\" \/>\n<meta property=\"article:publisher\" content=\"https:\/\/www.facebook.com\/AddictionSuisse\" \/>\n<meta property=\"article:published_time\" content=\"2023-12-04T08:00:40+00:00\" \/>\n<meta property=\"article:modified_time\" content=\"2023-12-13T10:38:44+00:00\" \/>\n<meta property=\"og:image\" content=\"https:\/\/tinatoni.ch\/wp-content\/uploads\/2023\/11\/TT_blog_gateau.jpg\" \/>\n\t<meta property=\"og:image:width\" content=\"450\" \/>\n\t<meta property=\"og:image:height\" content=\"280\" \/>\n\t<meta property=\"og:image:type\" content=\"image\/jpeg\" \/>\n<meta name=\"author\" content=\"webmaster@addictionsuisse.ch\" \/>\n<meta name=\"twitter:card\" content=\"summary_large_image\" \/>\n<meta name=\"twitter:creator\" content=\"@AddictionSuisse\" \/>\n<meta name=\"twitter:site\" content=\"@AddictionSuisse\" \/>\n<meta name=\"twitter:label1\" content=\"Verfasst von\" \/>\n\t<meta name=\"twitter:data1\" content=\"webmaster@addictionsuisse.ch\" \/>\n\t<meta name=\"twitter:label2\" content=\"Gesch\u00e4tzte Lesezeit\" \/>\n\t<meta name=\"twitter:data2\" content=\"1\u00a0Minute\" \/>\n<script type=\"application\/ld+json\" class=\"yoast-schema-graph\">{\"@context\":\"https:\/\/schema.org\",\"@graph\":[{\"@type\":\"Article\",\"@id\":\"https:\/\/tinatoni.ch\/de\/psychosoziale-kompetenzen-veranschaulichen\/#article\",\"isPartOf\":{\"@id\":\"https:\/\/tinatoni.ch\/de\/psychosoziale-kompetenzen-veranschaulichen\/\"},\"author\":{\"name\":\"webmaster@addictionsuisse.ch\",\"@id\":\"https:\/\/tinatoni.ch\/#\/schema\/person\/ee4976a2138499c7870a0c10d21580ec\"},\"headline\":\"Psychosoziale Kompetenzen veranschaulichen\",\"datePublished\":\"2023-12-04T08:00:40+00:00\",\"dateModified\":\"2023-12-13T10:38:44+00:00\",\"mainEntityOfPage\":{\"@id\":\"https:\/\/tinatoni.ch\/de\/psychosoziale-kompetenzen-veranschaulichen\/\"},\"wordCount\":224,\"publisher\":{\"@id\":\"https:\/\/tinatoni.ch\/#organization\"},\"image\":{\"@id\":\"https:\/\/tinatoni.ch\/de\/psychosoziale-kompetenzen-veranschaulichen\/#primaryimage\"},\"thumbnailUrl\":\"https:\/\/tinatoni.ch\/wp-content\/uploads\/2023\/11\/TT_blog_gateau.jpg\",\"articleSection\":[\"DE\"],\"inLanguage\":\"de\"},{\"@type\":\"WebPage\",\"@id\":\"https:\/\/tinatoni.ch\/de\/psychosoziale-kompetenzen-veranschaulichen\/\",\"url\":\"https:\/\/tinatoni.ch\/de\/psychosoziale-kompetenzen-veranschaulichen\/\",\"name\":\"Psychosoziale Kompetenzen veranschaulichen - Tina und Toni\",\"isPartOf\":{\"@id\":\"https:\/\/tinatoni.ch\/#website\"},\"primaryImageOfPage\":{\"@id\":\"https:\/\/tinatoni.ch\/de\/psychosoziale-kompetenzen-veranschaulichen\/#primaryimage\"},\"image\":{\"@id\":\"https:\/\/tinatoni.ch\/de\/psychosoziale-kompetenzen-veranschaulichen\/#primaryimage\"},\"thumbnailUrl\":\"https:\/\/tinatoni.ch\/wp-content\/uploads\/2023\/11\/TT_blog_gateau.jpg\",\"datePublished\":\"2023-12-04T08:00:40+00:00\",\"dateModified\":\"2023-12-13T10:38:44+00:00\",\"inLanguage\":\"de\",\"potentialAction\":[{\"@type\":\"ReadAction\",\"target\":[\"https:\/\/tinatoni.ch\/de\/psychosoziale-kompetenzen-veranschaulichen\/\"]}]},{\"@type\":\"ImageObject\",\"inLanguage\":\"de\",\"@id\":\"https:\/\/tinatoni.ch\/de\/psychosoziale-kompetenzen-veranschaulichen\/#primaryimage\",\"url\":\"https:\/\/tinatoni.ch\/wp-content\/uploads\/2023\/11\/TT_blog_gateau.jpg\",\"contentUrl\":\"https:\/\/tinatoni.ch\/wp-content\/uploads\/2023\/11\/TT_blog_gateau.jpg\",\"width\":450,\"height\":280},{\"@type\":\"WebSite\",\"@id\":\"https:\/\/tinatoni.ch\/#website\",\"url\":\"https:\/\/tinatoni.ch\/\",\"name\":\"Tina et Toni\",\"description\":\"Ein umfassendes Pr\u00e4ventionsprogramm f\u00fcr Kinder zwischen 4 und 6 Jahren\",\"publisher\":{\"@id\":\"https:\/\/tinatoni.ch\/#organization\"},\"potentialAction\":[{\"@type\":\"SearchAction\",\"target\":{\"@type\":\"EntryPoint\",\"urlTemplate\":\"https:\/\/tinatoni.ch\/?s={search_term_string}\"},\"query-input\":{\"@type\":\"PropertyValueSpecification\",\"valueRequired\":true,\"valueName\":\"search_term_string\"}}],\"inLanguage\":\"de\"},{\"@type\":\"Organization\",\"@id\":\"https:\/\/tinatoni.ch\/#organization\",\"name\":\"Tina et Toni\",\"url\":\"https:\/\/tinatoni.ch\/\",\"logo\":{\"@type\":\"ImageObject\",\"inLanguage\":\"de\",\"@id\":\"https:\/\/tinatoni.ch\/#\/schema\/logo\/image\/\",\"url\":\"https:\/\/tinatoni.ch\/wp-content\/uploads\/2021\/10\/TT_entete.svg\",\"contentUrl\":\"https:\/\/tinatoni.ch\/wp-content\/uploads\/2021\/10\/TT_entete.svg\",\"width\":\"1024\",\"height\":\"1024\",\"caption\":\"Tina et Toni\"},\"image\":{\"@id\":\"https:\/\/tinatoni.ch\/#\/schema\/logo\/image\/\"},\"sameAs\":[\"https:\/\/www.facebook.com\/AddictionSuisse\",\"https:\/\/x.com\/AddictionSuisse\",\"https:\/\/www.linkedin.com\/company\/addiction-suisse\/\",\"https:\/\/www.instagram.com\/addictionsuisse\/\",\"https:\/\/www.youtube.com\/@Addiction_Suisse\"]},{\"@type\":\"Person\",\"@id\":\"https:\/\/tinatoni.ch\/#\/schema\/person\/ee4976a2138499c7870a0c10d21580ec\",\"name\":\"webmaster@addictionsuisse.ch\",\"image\":{\"@type\":\"ImageObject\",\"inLanguage\":\"de\",\"@id\":\"https:\/\/secure.gravatar.com\/avatar\/59e2fc59d97dd0245770d137c036b0bf378582f3871f4ba68c992683957d05c1?s=96&d=mm&r=g\",\"url\":\"https:\/\/secure.gravatar.com\/avatar\/59e2fc59d97dd0245770d137c036b0bf378582f3871f4ba68c992683957d05c1?s=96&d=mm&r=g\",\"contentUrl\":\"https:\/\/secure.gravatar.com\/avatar\/59e2fc59d97dd0245770d137c036b0bf378582f3871f4ba68c992683957d05c1?s=96&d=mm&r=g\",\"caption\":\"webmaster@addictionsuisse.ch\"},\"sameAs\":[\"https:\/\/tinatoni.ch\"],\"url\":\"https:\/\/tinatoni.ch\/de\/author\/webmasteraddictionsuisse-ch\/\"}]}<\/script>\n<!-- \/ Yoast SEO plugin. -->","yoast_head_json":{"title":"Psychosoziale Kompetenzen veranschaulichen - Tina und Toni","robots":{"index":"index","follow":"follow","max-snippet":"max-snippet:-1","max-image-preview":"max-image-preview:large","max-video-preview":"max-video-preview:-1"},"canonical":"https:\/\/tinatoni.ch\/de\/psychosoziale-kompetenzen-veranschaulichen\/","og_locale":"de_DE","og_type":"article","og_title":"Psychosoziale Kompetenzen veranschaulichen - Tina und Toni","og_description":"[et_pb_section fb_built=&#8221;1&#8243; _builder_version=&#8221;4.21.0&#8243; _module_preset=&#8221;default&#8221; custom_margin=&#8221;0px||0px||true|false&#8221; custom_padding=&#8221;0px||0px||true|false&#8221; global_colors_info=&#8221;{}&#8221; theme_builder_area=&#8221;post_content&#8221;][et_pb_row _builder_version=&#8221;4.21.0&#8243; _module_preset=&#8221;default&#8221; global_colors_info=&#8221;{}&#8221; theme_builder_area=&#8221;post_content&#8221;][et_pb_column type=&#8221;4_4&#8243; _builder_version=&#8221;4.21.0&#8243; _module_preset=&#8221;default&#8221; global_colors_info=&#8221;{}&#8221; theme_builder_area=&#8221;post_content&#8221;][et_pb_text _builder_version=&#8221;4.23&#8243; _module_preset=&#8221;default&#8221; hover_enabled=&#8221;0&#8243; global_colors_info=&#8221;{}&#8221; theme_builder_area=&#8221;post_content&#8221; sticky_enabled=&#8221;0&#8243;] Mit Tina und Toni\u00a9 verf\u00fcgen Fachkr\u00e4fte \u00fcber ein schl\u00fcsselfertiges Instrument, um die psychosozialen Kompetenzen bei Kindern zu st\u00e4rken. Eine Anfrage hat uns dazu veranlasst, die bereits vorhandenen Ressourcen des Programms zu erg\u00e4nzen, [&hellip;]","og_url":"https:\/\/tinatoni.ch\/de\/psychosoziale-kompetenzen-veranschaulichen\/","og_site_name":"Tina und Toni","article_publisher":"https:\/\/www.facebook.com\/AddictionSuisse","article_published_time":"2023-12-04T08:00:40+00:00","article_modified_time":"2023-12-13T10:38:44+00:00","og_image":[{"width":450,"height":280,"url":"https:\/\/tinatoni.ch\/wp-content\/uploads\/2023\/11\/TT_blog_gateau.jpg","type":"image\/jpeg"}],"author":"webmaster@addictionsuisse.ch","twitter_card":"summary_large_image","twitter_creator":"@AddictionSuisse","twitter_site":"@AddictionSuisse","twitter_misc":{"Verfasst von":"webmaster@addictionsuisse.ch","Gesch\u00e4tzte Lesezeit":"1\u00a0Minute"},"schema":{"@context":"https:\/\/schema.org","@graph":[{"@type":"Article","@id":"https:\/\/tinatoni.ch\/de\/psychosoziale-kompetenzen-veranschaulichen\/#article","isPartOf":{"@id":"https:\/\/tinatoni.ch\/de\/psychosoziale-kompetenzen-veranschaulichen\/"},"author":{"name":"webmaster@addictionsuisse.ch","@id":"https:\/\/tinatoni.ch\/#\/schema\/person\/ee4976a2138499c7870a0c10d21580ec"},"headline":"Psychosoziale Kompetenzen veranschaulichen","datePublished":"2023-12-04T08:00:40+00:00","dateModified":"2023-12-13T10:38:44+00:00","mainEntityOfPage":{"@id":"https:\/\/tinatoni.ch\/de\/psychosoziale-kompetenzen-veranschaulichen\/"},"wordCount":224,"publisher":{"@id":"https:\/\/tinatoni.ch\/#organization"},"image":{"@id":"https:\/\/tinatoni.ch\/de\/psychosoziale-kompetenzen-veranschaulichen\/#primaryimage"},"thumbnailUrl":"https:\/\/tinatoni.ch\/wp-content\/uploads\/2023\/11\/TT_blog_gateau.jpg","articleSection":["DE"],"inLanguage":"de"},{"@type":"WebPage","@id":"https:\/\/tinatoni.ch\/de\/psychosoziale-kompetenzen-veranschaulichen\/","url":"https:\/\/tinatoni.ch\/de\/psychosoziale-kompetenzen-veranschaulichen\/","name":"Psychosoziale Kompetenzen veranschaulichen - Tina und Toni","isPartOf":{"@id":"https:\/\/tinatoni.ch\/#website"},"primaryImageOfPage":{"@id":"https:\/\/tinatoni.ch\/de\/psychosoziale-kompetenzen-veranschaulichen\/#primaryimage"},"image":{"@id":"https:\/\/tinatoni.ch\/de\/psychosoziale-kompetenzen-veranschaulichen\/#primaryimage"},"thumbnailUrl":"https:\/\/tinatoni.ch\/wp-content\/uploads\/2023\/11\/TT_blog_gateau.jpg","datePublished":"2023-12-04T08:00:40+00:00","dateModified":"2023-12-13T10:38:44+00:00","inLanguage":"de","potentialAction":[{"@type":"ReadAction","target":["https:\/\/tinatoni.ch\/de\/psychosoziale-kompetenzen-veranschaulichen\/"]}]},{"@type":"ImageObject","inLanguage":"de","@id":"https:\/\/tinatoni.ch\/de\/psychosoziale-kompetenzen-veranschaulichen\/#primaryimage","url":"https:\/\/tinatoni.ch\/wp-content\/uploads\/2023\/11\/TT_blog_gateau.jpg","contentUrl":"https:\/\/tinatoni.ch\/wp-content\/uploads\/2023\/11\/TT_blog_gateau.jpg","width":450,"height":280},{"@type":"WebSite","@id":"https:\/\/tinatoni.ch\/#website","url":"https:\/\/tinatoni.ch\/","name":"Tina et Toni","description":"Ein umfassendes Pr\u00e4ventionsprogramm f\u00fcr Kinder zwischen 4 und 6 Jahren","publisher":{"@id":"https:\/\/tinatoni.ch\/#organization"},"potentialAction":[{"@type":"SearchAction","target":{"@type":"EntryPoint","urlTemplate":"https:\/\/tinatoni.ch\/?s={search_term_string}"},"query-input":{"@type":"PropertyValueSpecification","valueRequired":true,"valueName":"search_term_string"}}],"inLanguage":"de"},{"@type":"Organization","@id":"https:\/\/tinatoni.ch\/#organization","name":"Tina et Toni","url":"https:\/\/tinatoni.ch\/","logo":{"@type":"ImageObject","inLanguage":"de","@id":"https:\/\/tinatoni.ch\/#\/schema\/logo\/image\/","url":"https:\/\/tinatoni.ch\/wp-content\/uploads\/2021\/10\/TT_entete.svg","contentUrl":"https:\/\/tinatoni.ch\/wp-content\/uploads\/2021\/10\/TT_entete.svg","width":"1024","height":"1024","caption":"Tina et Toni"},"image":{"@id":"https:\/\/tinatoni.ch\/#\/schema\/logo\/image\/"},"sameAs":["https:\/\/www.facebook.com\/AddictionSuisse","https:\/\/x.com\/AddictionSuisse","https:\/\/www.linkedin.com\/company\/addiction-suisse\/","https:\/\/www.instagram.com\/addictionsuisse\/","https:\/\/www.youtube.com\/@Addiction_Suisse"]},{"@type":"Person","@id":"https:\/\/tinatoni.ch\/#\/schema\/person\/ee4976a2138499c7870a0c10d21580ec","name":"webmaster@addictionsuisse.ch","image":{"@type":"ImageObject","inLanguage":"de","@id":"https:\/\/secure.gravatar.com\/avatar\/59e2fc59d97dd0245770d137c036b0bf378582f3871f4ba68c992683957d05c1?s=96&d=mm&r=g","url":"https:\/\/secure.gravatar.com\/avatar\/59e2fc59d97dd0245770d137c036b0bf378582f3871f4ba68c992683957d05c1?s=96&d=mm&r=g","contentUrl":"https:\/\/secure.gravatar.com\/avatar\/59e2fc59d97dd0245770d137c036b0bf378582f3871f4ba68c992683957d05c1?s=96&d=mm&r=g","caption":"webmaster@addictionsuisse.ch"},"sameAs":["https:\/\/tinatoni.ch"],"url":"https:\/\/tinatoni.ch\/de\/author\/webmasteraddictionsuisse-ch\/"}]}},"_links":{"self":[{"href":"https:\/\/tinatoni.ch\/de\/wp-json\/wp\/v2\/posts\/3794","targetHints":{"allow":["GET"]}}],"collection":[{"href":"https:\/\/tinatoni.ch\/de\/wp-json\/wp\/v2\/posts"}],"about":[{"href":"https:\/\/tinatoni.ch\/de\/wp-json\/wp\/v2\/types\/post"}],"author":[{"embeddable":true,"href":"https:\/\/tinatoni.ch\/de\/wp-json\/wp\/v2\/users\/1"}],"replies":[{"embeddable":true,"href":"https:\/\/tinatoni.ch\/de\/wp-json\/wp\/v2\/comments?post=3794"}],"version-history":[{"count":9,"href":"https:\/\/tinatoni.ch\/de\/wp-json\/wp\/v2\/posts\/3794\/revisions"}],"predecessor-version":[{"id":3846,"href":"https:\/\/tinatoni.ch\/de\/wp-json\/wp\/v2\/posts\/3794\/revisions\/3846"}],"wp:featuredmedia":[{"embeddable":true,"href":"https:\/\/tinatoni.ch\/de\/wp-json\/wp\/v2\/media\/3755"}],"wp:attachment":[{"href":"https:\/\/tinatoni.ch\/de\/wp-json\/wp\/v2\/media?parent=3794"}],"wp:term":[{"taxonomy":"category","embeddable":true,"href":"https:\/\/tinatoni.ch\/de\/wp-json\/wp\/v2\/categories?post=3794"},{"taxonomy":"post_tag","embeddable":true,"href":"https:\/\/tinatoni.ch\/de\/wp-json\/wp\/v2\/tags?post=3794"}],"curies":[{"name":"wp","href":"https:\/\/api.w.org\/{rel}","templated":true}]}}