{"id":3295,"date":"2022-09-15T16:06:00","date_gmt":"2022-09-15T14:06:00","guid":{"rendered":"https:\/\/tinatoni.ch\/die-nationale-austauschplattform-tina-und-toni-fand-in-bern-am-dienstag-den-13-september-2022-statt\/"},"modified":"2023-06-05T16:05:38","modified_gmt":"2023-06-05T14:05:38","slug":"die-nationale-austauschplattform-tina-und-toni-fand-in-bern-am-dienstag-den-13-september-2022-statt","status":"publish","type":"post","link":"https:\/\/tinatoni.ch\/de\/die-nationale-austauschplattform-tina-und-toni-fand-in-bern-am-dienstag-den-13-september-2022-statt\/","title":{"rendered":"Die Nationale Austauschplattform Tina und Toni\u00a9 fand in Bern, am Dienstag, den 13. September 2022 statt"},"content":{"rendered":"\n<p><p><strong>Ziel des Tages war es, die psychosozialen Kompetenzen unter Ber\u00fccksichtigung der kulturellen Vielfalt der Familien mit konkreten Anregungen zu st\u00e4rken.<\/strong><\/p><\/p>\n\n<p>Um Instrumente zu erwerben, die es erm\u00f6glichen, die kulturelle Vielfalt der Familien bei der Leitung des Programms Tina und Toni\u00a9 besser zu ber\u00fccksichtigen, und um ihre Erfahrungen mit diesem Programm auszutauschen, hat Sucht Schweiz diese kostenlose nationale Plattform angeboten.<\/p>\n","protected":false},"excerpt":{"rendered":"<p>Ziel des Tages war es, die psychosozialen Kompetenzen unter Ber\u00fccksichtigung der kulturellen Vielfalt der Familien mit konkreten Anregungen zu st\u00e4rken. Um Instrumente zu erwerben, die es erm\u00f6glichen, die kulturelle Vielfalt der Familien bei der Leitung des Programms Tina und Toni\u00a9 besser zu ber\u00fccksichtigen, und um ihre Erfahrungen mit diesem Programm auszutauschen, hat Sucht Schweiz diese [&hellip;]<\/p>\n","protected":false},"author":658,"featured_media":3180,"comment_status":"closed","ping_status":"open","sticky":false,"template":"","format":"standard","meta":{"_acf_changed":false,"_et_pb_use_builder":"on","_et_pb_old_content":"","_et_gb_content_width":"","inline_featured_image":false,"footnotes":""},"categories":[25],"tags":[],"class_list":["post-3295","post","type-post","status-publish","format-standard","has-post-thumbnail","hentry","category-de"],"acf":[],"yoast_head":"<!-- This site is optimized with the Yoast SEO plugin v27.2 - https:\/\/yoast.com\/product\/yoast-seo-wordpress\/ -->\n<title>Die Nationale Austauschplattform Tina und Toni\u00a9 fand in Bern, am Dienstag, den 13. September 2022 statt - Tina und Toni<\/title>\n<meta name=\"robots\" content=\"index, follow, max-snippet:-1, max-image-preview:large, max-video-preview:-1\" \/>\n<link rel=\"canonical\" href=\"https:\/\/tinatoni.ch\/de\/die-nationale-austauschplattform-tina-und-toni-fand-in-bern-am-dienstag-den-13-september-2022-statt\/\" \/>\n<meta property=\"og:locale\" content=\"de_DE\" \/>\n<meta property=\"og:type\" content=\"article\" \/>\n<meta property=\"og:title\" content=\"Die Nationale Austauschplattform Tina und Toni\u00a9 fand in Bern, am Dienstag, den 13. September 2022 statt - Tina und Toni\" \/>\n<meta property=\"og:description\" content=\"Ziel des Tages war es, die psychosozialen Kompetenzen unter Ber\u00fccksichtigung der kulturellen Vielfalt der Familien mit konkreten Anregungen zu st\u00e4rken. Um Instrumente zu erwerben, die es erm\u00f6glichen, die kulturelle Vielfalt der Familien bei der Leitung des Programms Tina und Toni\u00a9 besser zu ber\u00fccksichtigen, und um ihre Erfahrungen mit diesem Programm auszutauschen, hat Sucht Schweiz diese [&hellip;]\" \/>\n<meta property=\"og:url\" content=\"https:\/\/tinatoni.ch\/de\/die-nationale-austauschplattform-tina-und-toni-fand-in-bern-am-dienstag-den-13-september-2022-statt\/\" \/>\n<meta property=\"og:site_name\" content=\"Tina und Toni\" \/>\n<meta property=\"article:publisher\" content=\"https:\/\/www.facebook.com\/AddictionSuisse\" \/>\n<meta property=\"article:published_time\" content=\"2022-09-15T14:06:00+00:00\" \/>\n<meta property=\"article:modified_time\" content=\"2023-06-05T14:05:38+00:00\" \/>\n<meta property=\"og:image\" content=\"https:\/\/tinatoni.ch\/wp-content\/uploads\/2022\/06\/TT_plateforme_450x280.jpg\" \/>\n\t<meta property=\"og:image:width\" content=\"450\" \/>\n\t<meta property=\"og:image:height\" content=\"280\" \/>\n\t<meta property=\"og:image:type\" content=\"image\/jpeg\" \/>\n<meta name=\"author\" content=\"eprieto-stein@addictionsuisse.ch\" \/>\n<meta name=\"twitter:card\" content=\"summary_large_image\" \/>\n<meta name=\"twitter:creator\" content=\"@AddictionSuisse\" \/>\n<meta name=\"twitter:site\" content=\"@AddictionSuisse\" \/>\n<meta name=\"twitter:label1\" content=\"Verfasst von\" \/>\n\t<meta name=\"twitter:data1\" content=\"eprieto-stein@addictionsuisse.ch\" \/>\n\t<meta name=\"twitter:label2\" content=\"Gesch\u00e4tzte Lesezeit\" \/>\n\t<meta name=\"twitter:data2\" content=\"1\u00a0Minute\" \/>\n<script type=\"application\/ld+json\" class=\"yoast-schema-graph\">{\"@context\":\"https:\/\/schema.org\",\"@graph\":[{\"@type\":\"Article\",\"@id\":\"https:\/\/tinatoni.ch\/de\/die-nationale-austauschplattform-tina-und-toni-fand-in-bern-am-dienstag-den-13-september-2022-statt\/#article\",\"isPartOf\":{\"@id\":\"https:\/\/tinatoni.ch\/de\/die-nationale-austauschplattform-tina-und-toni-fand-in-bern-am-dienstag-den-13-september-2022-statt\/\"},\"author\":{\"name\":\"eprieto-stein@addictionsuisse.ch\",\"@id\":\"https:\/\/tinatoni.ch\/#\/schema\/person\/e77a2f47cff2440ad5cdbd4616a37acf\"},\"headline\":\"Die Nationale Austauschplattform Tina und Toni\u00a9 fand in Bern, am Dienstag, den 13. September 2022 statt\",\"datePublished\":\"2022-09-15T14:06:00+00:00\",\"dateModified\":\"2023-06-05T14:05:38+00:00\",\"mainEntityOfPage\":{\"@id\":\"https:\/\/tinatoni.ch\/de\/die-nationale-austauschplattform-tina-und-toni-fand-in-bern-am-dienstag-den-13-september-2022-statt\/\"},\"wordCount\":77,\"publisher\":{\"@id\":\"https:\/\/tinatoni.ch\/#organization\"},\"image\":{\"@id\":\"https:\/\/tinatoni.ch\/de\/die-nationale-austauschplattform-tina-und-toni-fand-in-bern-am-dienstag-den-13-september-2022-statt\/#primaryimage\"},\"thumbnailUrl\":\"https:\/\/tinatoni.ch\/wp-content\/uploads\/2022\/06\/TT_plateforme_450x280.jpg\",\"articleSection\":[\"DE\"],\"inLanguage\":\"de\"},{\"@type\":\"WebPage\",\"@id\":\"https:\/\/tinatoni.ch\/de\/die-nationale-austauschplattform-tina-und-toni-fand-in-bern-am-dienstag-den-13-september-2022-statt\/\",\"url\":\"https:\/\/tinatoni.ch\/de\/die-nationale-austauschplattform-tina-und-toni-fand-in-bern-am-dienstag-den-13-september-2022-statt\/\",\"name\":\"Die Nationale Austauschplattform Tina und Toni\u00a9 fand in Bern, am Dienstag, den 13. September 2022 statt - Tina und Toni\",\"isPartOf\":{\"@id\":\"https:\/\/tinatoni.ch\/#website\"},\"primaryImageOfPage\":{\"@id\":\"https:\/\/tinatoni.ch\/de\/die-nationale-austauschplattform-tina-und-toni-fand-in-bern-am-dienstag-den-13-september-2022-statt\/#primaryimage\"},\"image\":{\"@id\":\"https:\/\/tinatoni.ch\/de\/die-nationale-austauschplattform-tina-und-toni-fand-in-bern-am-dienstag-den-13-september-2022-statt\/#primaryimage\"},\"thumbnailUrl\":\"https:\/\/tinatoni.ch\/wp-content\/uploads\/2022\/06\/TT_plateforme_450x280.jpg\",\"datePublished\":\"2022-09-15T14:06:00+00:00\",\"dateModified\":\"2023-06-05T14:05:38+00:00\",\"inLanguage\":\"de\",\"potentialAction\":[{\"@type\":\"ReadAction\",\"target\":[\"https:\/\/tinatoni.ch\/de\/die-nationale-austauschplattform-tina-und-toni-fand-in-bern-am-dienstag-den-13-september-2022-statt\/\"]}]},{\"@type\":\"ImageObject\",\"inLanguage\":\"de\",\"@id\":\"https:\/\/tinatoni.ch\/de\/die-nationale-austauschplattform-tina-und-toni-fand-in-bern-am-dienstag-den-13-september-2022-statt\/#primaryimage\",\"url\":\"https:\/\/tinatoni.ch\/wp-content\/uploads\/2022\/06\/TT_plateforme_450x280.jpg\",\"contentUrl\":\"https:\/\/tinatoni.ch\/wp-content\/uploads\/2022\/06\/TT_plateforme_450x280.jpg\",\"width\":450,\"height\":280},{\"@type\":\"WebSite\",\"@id\":\"https:\/\/tinatoni.ch\/#website\",\"url\":\"https:\/\/tinatoni.ch\/\",\"name\":\"Tina et Toni\",\"description\":\"Ein umfassendes Pr\u00e4ventionsprogramm f\u00fcr Kinder zwischen 4 und 6 Jahren\",\"publisher\":{\"@id\":\"https:\/\/tinatoni.ch\/#organization\"},\"potentialAction\":[{\"@type\":\"SearchAction\",\"target\":{\"@type\":\"EntryPoint\",\"urlTemplate\":\"https:\/\/tinatoni.ch\/?s={search_term_string}\"},\"query-input\":{\"@type\":\"PropertyValueSpecification\",\"valueRequired\":true,\"valueName\":\"search_term_string\"}}],\"inLanguage\":\"de\"},{\"@type\":\"Organization\",\"@id\":\"https:\/\/tinatoni.ch\/#organization\",\"name\":\"Tina et Toni\",\"url\":\"https:\/\/tinatoni.ch\/\",\"logo\":{\"@type\":\"ImageObject\",\"inLanguage\":\"de\",\"@id\":\"https:\/\/tinatoni.ch\/#\/schema\/logo\/image\/\",\"url\":\"https:\/\/tinatoni.ch\/wp-content\/uploads\/2021\/10\/TT_entete.svg\",\"contentUrl\":\"https:\/\/tinatoni.ch\/wp-content\/uploads\/2021\/10\/TT_entete.svg\",\"width\":\"1024\",\"height\":\"1024\",\"caption\":\"Tina et Toni\"},\"image\":{\"@id\":\"https:\/\/tinatoni.ch\/#\/schema\/logo\/image\/\"},\"sameAs\":[\"https:\/\/www.facebook.com\/AddictionSuisse\",\"https:\/\/x.com\/AddictionSuisse\",\"https:\/\/www.linkedin.com\/company\/addiction-suisse\/\",\"https:\/\/www.instagram.com\/addictionsuisse\/\",\"https:\/\/www.youtube.com\/@Addiction_Suisse\"]},{\"@type\":\"Person\",\"@id\":\"https:\/\/tinatoni.ch\/#\/schema\/person\/e77a2f47cff2440ad5cdbd4616a37acf\",\"name\":\"eprieto-stein@addictionsuisse.ch\",\"image\":{\"@type\":\"ImageObject\",\"inLanguage\":\"de\",\"@id\":\"https:\/\/secure.gravatar.com\/avatar\/86d0d5c4d8367e7003cb7543ac873fb505a1f3d913ab15202ff742caad6a059e?s=96&d=mm&r=g\",\"url\":\"https:\/\/secure.gravatar.com\/avatar\/86d0d5c4d8367e7003cb7543ac873fb505a1f3d913ab15202ff742caad6a059e?s=96&d=mm&r=g\",\"contentUrl\":\"https:\/\/secure.gravatar.com\/avatar\/86d0d5c4d8367e7003cb7543ac873fb505a1f3d913ab15202ff742caad6a059e?s=96&d=mm&r=g\",\"caption\":\"eprieto-stein@addictionsuisse.ch\"},\"url\":\"https:\/\/tinatoni.ch\/de\/author\/eprieto-steinaddictionsuisse-ch\/\"}]}<\/script>\n<!-- \/ Yoast SEO plugin. -->","yoast_head_json":{"title":"Die Nationale Austauschplattform Tina und Toni\u00a9 fand in Bern, am Dienstag, den 13. September 2022 statt - Tina und Toni","robots":{"index":"index","follow":"follow","max-snippet":"max-snippet:-1","max-image-preview":"max-image-preview:large","max-video-preview":"max-video-preview:-1"},"canonical":"https:\/\/tinatoni.ch\/de\/die-nationale-austauschplattform-tina-und-toni-fand-in-bern-am-dienstag-den-13-september-2022-statt\/","og_locale":"de_DE","og_type":"article","og_title":"Die Nationale Austauschplattform Tina und Toni\u00a9 fand in Bern, am Dienstag, den 13. September 2022 statt - Tina und Toni","og_description":"Ziel des Tages war es, die psychosozialen Kompetenzen unter Ber\u00fccksichtigung der kulturellen Vielfalt der Familien mit konkreten Anregungen zu st\u00e4rken. Um Instrumente zu erwerben, die es erm\u00f6glichen, die kulturelle Vielfalt der Familien bei der Leitung des Programms Tina und Toni\u00a9 besser zu ber\u00fccksichtigen, und um ihre Erfahrungen mit diesem Programm auszutauschen, hat Sucht Schweiz diese [&hellip;]","og_url":"https:\/\/tinatoni.ch\/de\/die-nationale-austauschplattform-tina-und-toni-fand-in-bern-am-dienstag-den-13-september-2022-statt\/","og_site_name":"Tina und Toni","article_publisher":"https:\/\/www.facebook.com\/AddictionSuisse","article_published_time":"2022-09-15T14:06:00+00:00","article_modified_time":"2023-06-05T14:05:38+00:00","og_image":[{"width":450,"height":280,"url":"https:\/\/tinatoni.ch\/wp-content\/uploads\/2022\/06\/TT_plateforme_450x280.jpg","type":"image\/jpeg"}],"author":"eprieto-stein@addictionsuisse.ch","twitter_card":"summary_large_image","twitter_creator":"@AddictionSuisse","twitter_site":"@AddictionSuisse","twitter_misc":{"Verfasst von":"eprieto-stein@addictionsuisse.ch","Gesch\u00e4tzte Lesezeit":"1\u00a0Minute"},"schema":{"@context":"https:\/\/schema.org","@graph":[{"@type":"Article","@id":"https:\/\/tinatoni.ch\/de\/die-nationale-austauschplattform-tina-und-toni-fand-in-bern-am-dienstag-den-13-september-2022-statt\/#article","isPartOf":{"@id":"https:\/\/tinatoni.ch\/de\/die-nationale-austauschplattform-tina-und-toni-fand-in-bern-am-dienstag-den-13-september-2022-statt\/"},"author":{"name":"eprieto-stein@addictionsuisse.ch","@id":"https:\/\/tinatoni.ch\/#\/schema\/person\/e77a2f47cff2440ad5cdbd4616a37acf"},"headline":"Die Nationale Austauschplattform Tina und Toni\u00a9 fand in Bern, am Dienstag, den 13. September 2022 statt","datePublished":"2022-09-15T14:06:00+00:00","dateModified":"2023-06-05T14:05:38+00:00","mainEntityOfPage":{"@id":"https:\/\/tinatoni.ch\/de\/die-nationale-austauschplattform-tina-und-toni-fand-in-bern-am-dienstag-den-13-september-2022-statt\/"},"wordCount":77,"publisher":{"@id":"https:\/\/tinatoni.ch\/#organization"},"image":{"@id":"https:\/\/tinatoni.ch\/de\/die-nationale-austauschplattform-tina-und-toni-fand-in-bern-am-dienstag-den-13-september-2022-statt\/#primaryimage"},"thumbnailUrl":"https:\/\/tinatoni.ch\/wp-content\/uploads\/2022\/06\/TT_plateforme_450x280.jpg","articleSection":["DE"],"inLanguage":"de"},{"@type":"WebPage","@id":"https:\/\/tinatoni.ch\/de\/die-nationale-austauschplattform-tina-und-toni-fand-in-bern-am-dienstag-den-13-september-2022-statt\/","url":"https:\/\/tinatoni.ch\/de\/die-nationale-austauschplattform-tina-und-toni-fand-in-bern-am-dienstag-den-13-september-2022-statt\/","name":"Die Nationale Austauschplattform Tina und Toni\u00a9 fand in Bern, am Dienstag, den 13. September 2022 statt - Tina und Toni","isPartOf":{"@id":"https:\/\/tinatoni.ch\/#website"},"primaryImageOfPage":{"@id":"https:\/\/tinatoni.ch\/de\/die-nationale-austauschplattform-tina-und-toni-fand-in-bern-am-dienstag-den-13-september-2022-statt\/#primaryimage"},"image":{"@id":"https:\/\/tinatoni.ch\/de\/die-nationale-austauschplattform-tina-und-toni-fand-in-bern-am-dienstag-den-13-september-2022-statt\/#primaryimage"},"thumbnailUrl":"https:\/\/tinatoni.ch\/wp-content\/uploads\/2022\/06\/TT_plateforme_450x280.jpg","datePublished":"2022-09-15T14:06:00+00:00","dateModified":"2023-06-05T14:05:38+00:00","inLanguage":"de","potentialAction":[{"@type":"ReadAction","target":["https:\/\/tinatoni.ch\/de\/die-nationale-austauschplattform-tina-und-toni-fand-in-bern-am-dienstag-den-13-september-2022-statt\/"]}]},{"@type":"ImageObject","inLanguage":"de","@id":"https:\/\/tinatoni.ch\/de\/die-nationale-austauschplattform-tina-und-toni-fand-in-bern-am-dienstag-den-13-september-2022-statt\/#primaryimage","url":"https:\/\/tinatoni.ch\/wp-content\/uploads\/2022\/06\/TT_plateforme_450x280.jpg","contentUrl":"https:\/\/tinatoni.ch\/wp-content\/uploads\/2022\/06\/TT_plateforme_450x280.jpg","width":450,"height":280},{"@type":"WebSite","@id":"https:\/\/tinatoni.ch\/#website","url":"https:\/\/tinatoni.ch\/","name":"Tina et Toni","description":"Ein umfassendes Pr\u00e4ventionsprogramm f\u00fcr Kinder zwischen 4 und 6 Jahren","publisher":{"@id":"https:\/\/tinatoni.ch\/#organization"},"potentialAction":[{"@type":"SearchAction","target":{"@type":"EntryPoint","urlTemplate":"https:\/\/tinatoni.ch\/?s={search_term_string}"},"query-input":{"@type":"PropertyValueSpecification","valueRequired":true,"valueName":"search_term_string"}}],"inLanguage":"de"},{"@type":"Organization","@id":"https:\/\/tinatoni.ch\/#organization","name":"Tina et Toni","url":"https:\/\/tinatoni.ch\/","logo":{"@type":"ImageObject","inLanguage":"de","@id":"https:\/\/tinatoni.ch\/#\/schema\/logo\/image\/","url":"https:\/\/tinatoni.ch\/wp-content\/uploads\/2021\/10\/TT_entete.svg","contentUrl":"https:\/\/tinatoni.ch\/wp-content\/uploads\/2021\/10\/TT_entete.svg","width":"1024","height":"1024","caption":"Tina et Toni"},"image":{"@id":"https:\/\/tinatoni.ch\/#\/schema\/logo\/image\/"},"sameAs":["https:\/\/www.facebook.com\/AddictionSuisse","https:\/\/x.com\/AddictionSuisse","https:\/\/www.linkedin.com\/company\/addiction-suisse\/","https:\/\/www.instagram.com\/addictionsuisse\/","https:\/\/www.youtube.com\/@Addiction_Suisse"]},{"@type":"Person","@id":"https:\/\/tinatoni.ch\/#\/schema\/person\/e77a2f47cff2440ad5cdbd4616a37acf","name":"eprieto-stein@addictionsuisse.ch","image":{"@type":"ImageObject","inLanguage":"de","@id":"https:\/\/secure.gravatar.com\/avatar\/86d0d5c4d8367e7003cb7543ac873fb505a1f3d913ab15202ff742caad6a059e?s=96&d=mm&r=g","url":"https:\/\/secure.gravatar.com\/avatar\/86d0d5c4d8367e7003cb7543ac873fb505a1f3d913ab15202ff742caad6a059e?s=96&d=mm&r=g","contentUrl":"https:\/\/secure.gravatar.com\/avatar\/86d0d5c4d8367e7003cb7543ac873fb505a1f3d913ab15202ff742caad6a059e?s=96&d=mm&r=g","caption":"eprieto-stein@addictionsuisse.ch"},"url":"https:\/\/tinatoni.ch\/de\/author\/eprieto-steinaddictionsuisse-ch\/"}]}},"_links":{"self":[{"href":"https:\/\/tinatoni.ch\/de\/wp-json\/wp\/v2\/posts\/3295","targetHints":{"allow":["GET"]}}],"collection":[{"href":"https:\/\/tinatoni.ch\/de\/wp-json\/wp\/v2\/posts"}],"about":[{"href":"https:\/\/tinatoni.ch\/de\/wp-json\/wp\/v2\/types\/post"}],"author":[{"embeddable":true,"href":"https:\/\/tinatoni.ch\/de\/wp-json\/wp\/v2\/users\/658"}],"replies":[{"embeddable":true,"href":"https:\/\/tinatoni.ch\/de\/wp-json\/wp\/v2\/comments?post=3295"}],"version-history":[{"count":5,"href":"https:\/\/tinatoni.ch\/de\/wp-json\/wp\/v2\/posts\/3295\/revisions"}],"predecessor-version":[{"id":3507,"href":"https:\/\/tinatoni.ch\/de\/wp-json\/wp\/v2\/posts\/3295\/revisions\/3507"}],"wp:featuredmedia":[{"embeddable":true,"href":"https:\/\/tinatoni.ch\/de\/wp-json\/wp\/v2\/media\/3180"}],"wp:attachment":[{"href":"https:\/\/tinatoni.ch\/de\/wp-json\/wp\/v2\/media?parent=3295"}],"wp:term":[{"taxonomy":"category","embeddable":true,"href":"https:\/\/tinatoni.ch\/de\/wp-json\/wp\/v2\/categories?post=3295"},{"taxonomy":"post_tag","embeddable":true,"href":"https:\/\/tinatoni.ch\/de\/wp-json\/wp\/v2\/tags?post=3295"}],"curies":[{"name":"wp","href":"https:\/\/api.w.org\/{rel}","templated":true}]}}