{"id":2981,"date":"2022-03-28T15:01:28","date_gmt":"2022-03-28T13:01:28","guid":{"rendered":"https:\/\/tinatoni.ch\/wie-sie-tina-und-toni-nutzen-koennen-um-auf-besondere-beduerfnisse-waehrend-dieser-pandemiezeit-zu-reagieren\/"},"modified":"2022-05-04T16:25:35","modified_gmt":"2022-05-04T14:25:35","slug":"auf-besondere-beduerfnisse-waehrend-der-pandemiezeit-reagieren","status":"publish","type":"post","link":"https:\/\/tinatoni.ch\/de\/auf-besondere-beduerfnisse-waehrend-der-pandemiezeit-reagieren\/","title":{"rendered":"Auf besondere Bed\u00fcrfnisse w\u00e4hrend der Pandemiezeit reagieren"},"content":{"rendered":"\n<p>Wie Sie Tina und Toni\u00a9 nutzen k\u00f6nnen, um auf besondere Bed\u00fcrfnisse w\u00e4hrend dieser Pandemiezeit zu reagieren <\/p>\n\n<p>Insbesondere in chaotischen Situationen, ist es wichtig, dass Kinder ihre Gef\u00fchle zum Ausdruck bringen k\u00f6nnen. Verschiedene Szenen sowie die passenden Aktivit\u00e4ten im Programm Tina und Toni\u00a9 bieten hierf\u00fcr die ideale M\u00f6glichkeit, um \u00fcber Sorgen, \u00c4ngste der Kinder zu sprechen: <br\/>Szene 1: <a href=\"https:\/\/tinatoni.ch\/de\/hoergeschichten\/1-tina-und-toni-stellen-sich-vor\/\"><strong>Tina und Toni\u00a9 stellen sich vor<\/strong><\/a><br\/>Szene 10: <a href=\"https:\/\/tinatoni.ch\/de\/hoergeschichten\/10-meine-familie\/\" target=\"_blank\" rel=\"noopener\"><strong><strong>Meine Familie<\/strong> <\/strong><\/a><br\/>Szene 12: <strong><strong><a href=\"https:\/\/tinatoni.ch\/de\/hoergeschichten\/12-worte-die-weh-tun\/\" target=\"_blank\" rel=\"noopener\"><strong>Worte, die weh tun <\/strong><\/a><\/strong><\/strong>&#13;\n<p>Auch wenn die Szenen in der Vergangenheit bereits geh\u00f6rt wurden, laden wir Sie dazu ein, die Szenen mit Ber\u00fccksichtigung der speziellen Pandemie Situation neu zu entdecken. M\u00f6gliche Diskussionsfragen k\u00f6nnten sein: &#8220;Was habt ihr in dieser Zeit besonders toll gemacht?&#8221;, &#8220;Wann hattet ihr Angst, und wovor?&#8221;, &#8220;In welchen Momenten hattet ihr besonders Freude?&#8221; etc.<\/p><\/p>\n","protected":false},"excerpt":{"rendered":"<p>Wie Sie Tina und Toni\u00a9 nutzen k\u00f6nnen, um auf besondere Bed\u00fcrfnisse w\u00e4hrend dieser Pandemiezeit zu reagieren Insbesondere in chaotischen Situationen, ist es wichtig, dass Kinder ihre Gef\u00fchle zum Ausdruck bringen k\u00f6nnen. Verschiedene Szenen sowie die passenden Aktivit\u00e4ten im Programm Tina und Toni\u00a9 bieten hierf\u00fcr die ideale M\u00f6glichkeit, um \u00fcber Sorgen, \u00c4ngste der Kinder zu sprechen: [&hellip;]<\/p>\n","protected":false},"author":1,"featured_media":2915,"comment_status":"closed","ping_status":"closed","sticky":false,"template":"","format":"standard","meta":{"_acf_changed":false,"_et_pb_use_builder":"off","_et_pb_old_content":"","_et_gb_content_width":"","inline_featured_image":false,"footnotes":""},"categories":[25],"tags":[],"class_list":["post-2981","post","type-post","status-publish","format-standard","has-post-thumbnail","hentry","category-de"],"acf":[],"yoast_head":"<!-- This site is optimized with the Yoast SEO plugin v27.2 - https:\/\/yoast.com\/product\/yoast-seo-wordpress\/ -->\n<title>Auf besondere Bed\u00fcrfnisse w\u00e4hrend der Pandemiezeit reagieren - Tina und Toni<\/title>\n<meta name=\"robots\" content=\"index, follow, max-snippet:-1, max-image-preview:large, max-video-preview:-1\" \/>\n<link rel=\"canonical\" href=\"https:\/\/tinatoni.ch\/de\/auf-besondere-beduerfnisse-waehrend-der-pandemiezeit-reagieren\/\" \/>\n<meta property=\"og:locale\" content=\"de_DE\" \/>\n<meta property=\"og:type\" content=\"article\" \/>\n<meta property=\"og:title\" content=\"Auf besondere Bed\u00fcrfnisse w\u00e4hrend der Pandemiezeit reagieren - Tina und Toni\" \/>\n<meta property=\"og:description\" content=\"Wie Sie Tina und Toni\u00a9 nutzen k\u00f6nnen, um auf besondere Bed\u00fcrfnisse w\u00e4hrend dieser Pandemiezeit zu reagieren Insbesondere in chaotischen Situationen, ist es wichtig, dass Kinder ihre Gef\u00fchle zum Ausdruck bringen k\u00f6nnen. Verschiedene Szenen sowie die passenden Aktivit\u00e4ten im Programm Tina und Toni\u00a9 bieten hierf\u00fcr die ideale M\u00f6glichkeit, um \u00fcber Sorgen, \u00c4ngste der Kinder zu sprechen: [&hellip;]\" \/>\n<meta property=\"og:url\" content=\"https:\/\/tinatoni.ch\/de\/auf-besondere-beduerfnisse-waehrend-der-pandemiezeit-reagieren\/\" \/>\n<meta property=\"og:site_name\" content=\"Tina und Toni\" \/>\n<meta property=\"article:publisher\" content=\"https:\/\/www.facebook.com\/AddictionSuisse\" \/>\n<meta property=\"article:published_time\" content=\"2022-03-28T13:01:28+00:00\" \/>\n<meta property=\"article:modified_time\" content=\"2022-05-04T14:25:35+00:00\" \/>\n<meta property=\"og:image\" content=\"https:\/\/tinatoni.ch\/wp-content\/uploads\/2022\/02\/TT_blog-pandemie.jpg\" \/>\n\t<meta property=\"og:image:width\" content=\"450\" \/>\n\t<meta property=\"og:image:height\" content=\"280\" \/>\n\t<meta property=\"og:image:type\" content=\"image\/jpeg\" \/>\n<meta name=\"author\" content=\"webmaster@addictionsuisse.ch\" \/>\n<meta name=\"twitter:card\" content=\"summary_large_image\" \/>\n<meta name=\"twitter:creator\" content=\"@AddictionSuisse\" \/>\n<meta name=\"twitter:site\" content=\"@AddictionSuisse\" \/>\n<meta name=\"twitter:label1\" content=\"Verfasst von\" \/>\n\t<meta name=\"twitter:data1\" content=\"webmaster@addictionsuisse.ch\" \/>\n\t<meta name=\"twitter:label2\" content=\"Gesch\u00e4tzte Lesezeit\" \/>\n\t<meta name=\"twitter:data2\" content=\"1\u00a0Minute\" \/>\n<script type=\"application\/ld+json\" class=\"yoast-schema-graph\">{\"@context\":\"https:\/\/schema.org\",\"@graph\":[{\"@type\":\"Article\",\"@id\":\"https:\/\/tinatoni.ch\/de\/auf-besondere-beduerfnisse-waehrend-der-pandemiezeit-reagieren\/#article\",\"isPartOf\":{\"@id\":\"https:\/\/tinatoni.ch\/de\/auf-besondere-beduerfnisse-waehrend-der-pandemiezeit-reagieren\/\"},\"author\":{\"name\":\"webmaster@addictionsuisse.ch\",\"@id\":\"https:\/\/tinatoni.ch\/#\/schema\/person\/ee4976a2138499c7870a0c10d21580ec\"},\"headline\":\"Auf besondere Bed\u00fcrfnisse w\u00e4hrend der Pandemiezeit reagieren\",\"datePublished\":\"2022-03-28T13:01:28+00:00\",\"dateModified\":\"2022-05-04T14:25:35+00:00\",\"mainEntityOfPage\":{\"@id\":\"https:\/\/tinatoni.ch\/de\/auf-besondere-beduerfnisse-waehrend-der-pandemiezeit-reagieren\/\"},\"wordCount\":144,\"publisher\":{\"@id\":\"https:\/\/tinatoni.ch\/#organization\"},\"image\":{\"@id\":\"https:\/\/tinatoni.ch\/de\/auf-besondere-beduerfnisse-waehrend-der-pandemiezeit-reagieren\/#primaryimage\"},\"thumbnailUrl\":\"https:\/\/tinatoni.ch\/wp-content\/uploads\/2022\/02\/TT_blog-pandemie.jpg\",\"articleSection\":[\"DE\"],\"inLanguage\":\"de\"},{\"@type\":\"WebPage\",\"@id\":\"https:\/\/tinatoni.ch\/de\/auf-besondere-beduerfnisse-waehrend-der-pandemiezeit-reagieren\/\",\"url\":\"https:\/\/tinatoni.ch\/de\/auf-besondere-beduerfnisse-waehrend-der-pandemiezeit-reagieren\/\",\"name\":\"Auf besondere Bed\u00fcrfnisse w\u00e4hrend der Pandemiezeit reagieren - Tina und Toni\",\"isPartOf\":{\"@id\":\"https:\/\/tinatoni.ch\/#website\"},\"primaryImageOfPage\":{\"@id\":\"https:\/\/tinatoni.ch\/de\/auf-besondere-beduerfnisse-waehrend-der-pandemiezeit-reagieren\/#primaryimage\"},\"image\":{\"@id\":\"https:\/\/tinatoni.ch\/de\/auf-besondere-beduerfnisse-waehrend-der-pandemiezeit-reagieren\/#primaryimage\"},\"thumbnailUrl\":\"https:\/\/tinatoni.ch\/wp-content\/uploads\/2022\/02\/TT_blog-pandemie.jpg\",\"datePublished\":\"2022-03-28T13:01:28+00:00\",\"dateModified\":\"2022-05-04T14:25:35+00:00\",\"inLanguage\":\"de\",\"potentialAction\":[{\"@type\":\"ReadAction\",\"target\":[\"https:\/\/tinatoni.ch\/de\/auf-besondere-beduerfnisse-waehrend-der-pandemiezeit-reagieren\/\"]}]},{\"@type\":\"ImageObject\",\"inLanguage\":\"de\",\"@id\":\"https:\/\/tinatoni.ch\/de\/auf-besondere-beduerfnisse-waehrend-der-pandemiezeit-reagieren\/#primaryimage\",\"url\":\"https:\/\/tinatoni.ch\/wp-content\/uploads\/2022\/02\/TT_blog-pandemie.jpg\",\"contentUrl\":\"https:\/\/tinatoni.ch\/wp-content\/uploads\/2022\/02\/TT_blog-pandemie.jpg\",\"width\":450,\"height\":280},{\"@type\":\"WebSite\",\"@id\":\"https:\/\/tinatoni.ch\/#website\",\"url\":\"https:\/\/tinatoni.ch\/\",\"name\":\"Tina et Toni\",\"description\":\"Ein umfassendes Pr\u00e4ventionsprogramm f\u00fcr Kinder zwischen 4 und 6 Jahren\",\"publisher\":{\"@id\":\"https:\/\/tinatoni.ch\/#organization\"},\"potentialAction\":[{\"@type\":\"SearchAction\",\"target\":{\"@type\":\"EntryPoint\",\"urlTemplate\":\"https:\/\/tinatoni.ch\/?s={search_term_string}\"},\"query-input\":{\"@type\":\"PropertyValueSpecification\",\"valueRequired\":true,\"valueName\":\"search_term_string\"}}],\"inLanguage\":\"de\"},{\"@type\":\"Organization\",\"@id\":\"https:\/\/tinatoni.ch\/#organization\",\"name\":\"Tina et Toni\",\"url\":\"https:\/\/tinatoni.ch\/\",\"logo\":{\"@type\":\"ImageObject\",\"inLanguage\":\"de\",\"@id\":\"https:\/\/tinatoni.ch\/#\/schema\/logo\/image\/\",\"url\":\"https:\/\/tinatoni.ch\/wp-content\/uploads\/2021\/10\/TT_entete.svg\",\"contentUrl\":\"https:\/\/tinatoni.ch\/wp-content\/uploads\/2021\/10\/TT_entete.svg\",\"width\":\"1024\",\"height\":\"1024\",\"caption\":\"Tina et Toni\"},\"image\":{\"@id\":\"https:\/\/tinatoni.ch\/#\/schema\/logo\/image\/\"},\"sameAs\":[\"https:\/\/www.facebook.com\/AddictionSuisse\",\"https:\/\/x.com\/AddictionSuisse\",\"https:\/\/www.linkedin.com\/company\/addiction-suisse\/\",\"https:\/\/www.instagram.com\/addictionsuisse\/\",\"https:\/\/www.youtube.com\/@Addiction_Suisse\"]},{\"@type\":\"Person\",\"@id\":\"https:\/\/tinatoni.ch\/#\/schema\/person\/ee4976a2138499c7870a0c10d21580ec\",\"name\":\"webmaster@addictionsuisse.ch\",\"image\":{\"@type\":\"ImageObject\",\"inLanguage\":\"de\",\"@id\":\"https:\/\/secure.gravatar.com\/avatar\/59e2fc59d97dd0245770d137c036b0bf378582f3871f4ba68c992683957d05c1?s=96&d=mm&r=g\",\"url\":\"https:\/\/secure.gravatar.com\/avatar\/59e2fc59d97dd0245770d137c036b0bf378582f3871f4ba68c992683957d05c1?s=96&d=mm&r=g\",\"contentUrl\":\"https:\/\/secure.gravatar.com\/avatar\/59e2fc59d97dd0245770d137c036b0bf378582f3871f4ba68c992683957d05c1?s=96&d=mm&r=g\",\"caption\":\"webmaster@addictionsuisse.ch\"},\"sameAs\":[\"https:\/\/tinatoni.ch\"],\"url\":\"https:\/\/tinatoni.ch\/de\/author\/webmasteraddictionsuisse-ch\/\"}]}<\/script>\n<!-- \/ Yoast SEO plugin. -->","yoast_head_json":{"title":"Auf besondere Bed\u00fcrfnisse w\u00e4hrend der Pandemiezeit reagieren - Tina und Toni","robots":{"index":"index","follow":"follow","max-snippet":"max-snippet:-1","max-image-preview":"max-image-preview:large","max-video-preview":"max-video-preview:-1"},"canonical":"https:\/\/tinatoni.ch\/de\/auf-besondere-beduerfnisse-waehrend-der-pandemiezeit-reagieren\/","og_locale":"de_DE","og_type":"article","og_title":"Auf besondere Bed\u00fcrfnisse w\u00e4hrend der Pandemiezeit reagieren - Tina und Toni","og_description":"Wie Sie Tina und Toni\u00a9 nutzen k\u00f6nnen, um auf besondere Bed\u00fcrfnisse w\u00e4hrend dieser Pandemiezeit zu reagieren Insbesondere in chaotischen Situationen, ist es wichtig, dass Kinder ihre Gef\u00fchle zum Ausdruck bringen k\u00f6nnen. Verschiedene Szenen sowie die passenden Aktivit\u00e4ten im Programm Tina und Toni\u00a9 bieten hierf\u00fcr die ideale M\u00f6glichkeit, um \u00fcber Sorgen, \u00c4ngste der Kinder zu sprechen: [&hellip;]","og_url":"https:\/\/tinatoni.ch\/de\/auf-besondere-beduerfnisse-waehrend-der-pandemiezeit-reagieren\/","og_site_name":"Tina und Toni","article_publisher":"https:\/\/www.facebook.com\/AddictionSuisse","article_published_time":"2022-03-28T13:01:28+00:00","article_modified_time":"2022-05-04T14:25:35+00:00","og_image":[{"width":450,"height":280,"url":"https:\/\/tinatoni.ch\/wp-content\/uploads\/2022\/02\/TT_blog-pandemie.jpg","type":"image\/jpeg"}],"author":"webmaster@addictionsuisse.ch","twitter_card":"summary_large_image","twitter_creator":"@AddictionSuisse","twitter_site":"@AddictionSuisse","twitter_misc":{"Verfasst von":"webmaster@addictionsuisse.ch","Gesch\u00e4tzte Lesezeit":"1\u00a0Minute"},"schema":{"@context":"https:\/\/schema.org","@graph":[{"@type":"Article","@id":"https:\/\/tinatoni.ch\/de\/auf-besondere-beduerfnisse-waehrend-der-pandemiezeit-reagieren\/#article","isPartOf":{"@id":"https:\/\/tinatoni.ch\/de\/auf-besondere-beduerfnisse-waehrend-der-pandemiezeit-reagieren\/"},"author":{"name":"webmaster@addictionsuisse.ch","@id":"https:\/\/tinatoni.ch\/#\/schema\/person\/ee4976a2138499c7870a0c10d21580ec"},"headline":"Auf besondere Bed\u00fcrfnisse w\u00e4hrend der Pandemiezeit reagieren","datePublished":"2022-03-28T13:01:28+00:00","dateModified":"2022-05-04T14:25:35+00:00","mainEntityOfPage":{"@id":"https:\/\/tinatoni.ch\/de\/auf-besondere-beduerfnisse-waehrend-der-pandemiezeit-reagieren\/"},"wordCount":144,"publisher":{"@id":"https:\/\/tinatoni.ch\/#organization"},"image":{"@id":"https:\/\/tinatoni.ch\/de\/auf-besondere-beduerfnisse-waehrend-der-pandemiezeit-reagieren\/#primaryimage"},"thumbnailUrl":"https:\/\/tinatoni.ch\/wp-content\/uploads\/2022\/02\/TT_blog-pandemie.jpg","articleSection":["DE"],"inLanguage":"de"},{"@type":"WebPage","@id":"https:\/\/tinatoni.ch\/de\/auf-besondere-beduerfnisse-waehrend-der-pandemiezeit-reagieren\/","url":"https:\/\/tinatoni.ch\/de\/auf-besondere-beduerfnisse-waehrend-der-pandemiezeit-reagieren\/","name":"Auf besondere Bed\u00fcrfnisse w\u00e4hrend der Pandemiezeit reagieren - Tina und Toni","isPartOf":{"@id":"https:\/\/tinatoni.ch\/#website"},"primaryImageOfPage":{"@id":"https:\/\/tinatoni.ch\/de\/auf-besondere-beduerfnisse-waehrend-der-pandemiezeit-reagieren\/#primaryimage"},"image":{"@id":"https:\/\/tinatoni.ch\/de\/auf-besondere-beduerfnisse-waehrend-der-pandemiezeit-reagieren\/#primaryimage"},"thumbnailUrl":"https:\/\/tinatoni.ch\/wp-content\/uploads\/2022\/02\/TT_blog-pandemie.jpg","datePublished":"2022-03-28T13:01:28+00:00","dateModified":"2022-05-04T14:25:35+00:00","inLanguage":"de","potentialAction":[{"@type":"ReadAction","target":["https:\/\/tinatoni.ch\/de\/auf-besondere-beduerfnisse-waehrend-der-pandemiezeit-reagieren\/"]}]},{"@type":"ImageObject","inLanguage":"de","@id":"https:\/\/tinatoni.ch\/de\/auf-besondere-beduerfnisse-waehrend-der-pandemiezeit-reagieren\/#primaryimage","url":"https:\/\/tinatoni.ch\/wp-content\/uploads\/2022\/02\/TT_blog-pandemie.jpg","contentUrl":"https:\/\/tinatoni.ch\/wp-content\/uploads\/2022\/02\/TT_blog-pandemie.jpg","width":450,"height":280},{"@type":"WebSite","@id":"https:\/\/tinatoni.ch\/#website","url":"https:\/\/tinatoni.ch\/","name":"Tina et Toni","description":"Ein umfassendes Pr\u00e4ventionsprogramm f\u00fcr Kinder zwischen 4 und 6 Jahren","publisher":{"@id":"https:\/\/tinatoni.ch\/#organization"},"potentialAction":[{"@type":"SearchAction","target":{"@type":"EntryPoint","urlTemplate":"https:\/\/tinatoni.ch\/?s={search_term_string}"},"query-input":{"@type":"PropertyValueSpecification","valueRequired":true,"valueName":"search_term_string"}}],"inLanguage":"de"},{"@type":"Organization","@id":"https:\/\/tinatoni.ch\/#organization","name":"Tina et Toni","url":"https:\/\/tinatoni.ch\/","logo":{"@type":"ImageObject","inLanguage":"de","@id":"https:\/\/tinatoni.ch\/#\/schema\/logo\/image\/","url":"https:\/\/tinatoni.ch\/wp-content\/uploads\/2021\/10\/TT_entete.svg","contentUrl":"https:\/\/tinatoni.ch\/wp-content\/uploads\/2021\/10\/TT_entete.svg","width":"1024","height":"1024","caption":"Tina et Toni"},"image":{"@id":"https:\/\/tinatoni.ch\/#\/schema\/logo\/image\/"},"sameAs":["https:\/\/www.facebook.com\/AddictionSuisse","https:\/\/x.com\/AddictionSuisse","https:\/\/www.linkedin.com\/company\/addiction-suisse\/","https:\/\/www.instagram.com\/addictionsuisse\/","https:\/\/www.youtube.com\/@Addiction_Suisse"]},{"@type":"Person","@id":"https:\/\/tinatoni.ch\/#\/schema\/person\/ee4976a2138499c7870a0c10d21580ec","name":"webmaster@addictionsuisse.ch","image":{"@type":"ImageObject","inLanguage":"de","@id":"https:\/\/secure.gravatar.com\/avatar\/59e2fc59d97dd0245770d137c036b0bf378582f3871f4ba68c992683957d05c1?s=96&d=mm&r=g","url":"https:\/\/secure.gravatar.com\/avatar\/59e2fc59d97dd0245770d137c036b0bf378582f3871f4ba68c992683957d05c1?s=96&d=mm&r=g","contentUrl":"https:\/\/secure.gravatar.com\/avatar\/59e2fc59d97dd0245770d137c036b0bf378582f3871f4ba68c992683957d05c1?s=96&d=mm&r=g","caption":"webmaster@addictionsuisse.ch"},"sameAs":["https:\/\/tinatoni.ch"],"url":"https:\/\/tinatoni.ch\/de\/author\/webmasteraddictionsuisse-ch\/"}]}},"_links":{"self":[{"href":"https:\/\/tinatoni.ch\/de\/wp-json\/wp\/v2\/posts\/2981","targetHints":{"allow":["GET"]}}],"collection":[{"href":"https:\/\/tinatoni.ch\/de\/wp-json\/wp\/v2\/posts"}],"about":[{"href":"https:\/\/tinatoni.ch\/de\/wp-json\/wp\/v2\/types\/post"}],"author":[{"embeddable":true,"href":"https:\/\/tinatoni.ch\/de\/wp-json\/wp\/v2\/users\/1"}],"replies":[{"embeddable":true,"href":"https:\/\/tinatoni.ch\/de\/wp-json\/wp\/v2\/comments?post=2981"}],"version-history":[{"count":21,"href":"https:\/\/tinatoni.ch\/de\/wp-json\/wp\/v2\/posts\/2981\/revisions"}],"predecessor-version":[{"id":3108,"href":"https:\/\/tinatoni.ch\/de\/wp-json\/wp\/v2\/posts\/2981\/revisions\/3108"}],"wp:featuredmedia":[{"embeddable":true,"href":"https:\/\/tinatoni.ch\/de\/wp-json\/wp\/v2\/media\/2915"}],"wp:attachment":[{"href":"https:\/\/tinatoni.ch\/de\/wp-json\/wp\/v2\/media?parent=2981"}],"wp:term":[{"taxonomy":"category","embeddable":true,"href":"https:\/\/tinatoni.ch\/de\/wp-json\/wp\/v2\/categories?post=2981"},{"taxonomy":"post_tag","embeddable":true,"href":"https:\/\/tinatoni.ch\/de\/wp-json\/wp\/v2\/tags?post=2981"}],"curies":[{"name":"wp","href":"https:\/\/api.w.org\/{rel}","templated":true}]}}